{"id":881,"date":"2015-10-19T11:04:04","date_gmt":"2015-10-19T11:04:04","guid":{"rendered":"http:\/\/lag-vinodol.hr\/wp\/?p=881"},"modified":"2015-11-02T08:01:25","modified_gmt":"2015-11-02T08:01:25","slug":"poziv-na-prezentaciju-poticajnih-mjera-u-poduzetnistvu-kraljevica-19-10-2015-u-1800-h","status":"publish","type":"post","link":"https:\/\/lag-vinodol.hr\/wp\/?p=881","title":{"rendered":"POZIV NA PREZENTACIJU POTICAJNIH MJERA U PODUZETNI\u0160TVU, Kraljevica, 19.10.2015. u 18:00 h"},"content":{"rendered":"<p style=\"text-align: justify;\">Po\u0161tovani,<\/p>\n<p style=\"text-align: justify;\">Grad Kraljevica zajedno sa Lokalnom akcijskom grupom \u201eVINODOL\u201c i Poduzetni\u010dkim centrom \u201eVinodol\u201c d.o.o.\u00a0 organizira prezentaciju poticajnih mjera u poduzetni\u0161tvu za 2015. godinu i najavu nadolaze\u0107ih natje\u010daja.<\/p>\n<p style=\"text-align: justify;\">Pozivamo Vas da da se odazovete na\u0161em pozivu te da nam se pridru\u017eite <strong>19<strong>. listopada 2015. godine <\/strong><\/strong>(ponedjeljak)<strong> u 18,00 sati u <\/strong>dvorani PraktikUm u Domu kulture i sporta u Kraljevici\u00a0 (Strossmayerova 29).<\/p>\n<p style=\"text-align: justify;\">Prezentacija obuhva\u0107a:<\/p>\n<p style=\"text-align: justify;\">&#8211; Predstavljanje Lokalne akcijske grupe \u201eVINODOL\u201c i Programa ruralnog razvoja RH 2014.-2020. (naglasak na Mjeru 04 i Mjeru 06 \u2013 mjere ruralnog razvoja za poduzetnike)<\/p>\n<p style=\"text-align: justify;\">&#8211; Mogu\u0107nosti kori\u0161tenja potpora za poduzetnike i EU fondova (Poduzetni\u010dki centar \u201eVinodol\u201c d.o.o.)<\/p>\n<p>&nbsp;<\/p>\n<p style=\"text-align: center;\"><a href=\"http:\/\/lag-vinodol.hr\/wp\/wp-content\/uploads\/2015\/10\/Poziv-Kraljevica-11.pdf\">Poziv-Kraljevica\u00a0<\/a><\/p>\n<p>&nbsp;<\/p>\n","protected":false},"excerpt":{"rendered":"<p>Po\u0161tovani, Grad Kraljevica zajedno sa Lokalnom akcijskom grupom \u201eVINODOL\u201c i Poduzetni\u010dkim centrom \u201eVinodol\u201c d.o.o.\u00a0 organizira prezentaciju poticajnih mjera u poduzetni\u0161tvu za 2015. godinu i najavu nadolaze\u0107ih natje\u010daja. Pozivamo Vas da da se odazovete na\u0161em pozivu te da nam se pridru\u017eite 19. listopada 2015. godine (ponedjeljak) u 18,00 sati u dvorani PraktikUm u Domu kulture i [&hellip;]<\/p>\n","protected":false},"author":2,"featured_media":0,"comment_status":"closed","ping_status":"open","sticky":false,"template":"","format":"standard","meta":{"footnotes":"","_links_to":"","_links_to_target":""},"categories":[6],"tags":[],"class_list":["post-881","post","type-post","status-publish","format-standard","hentry","category-novosti"],"_links":{"self":[{"href":"https:\/\/lag-vinodol.hr\/wp\/index.php?rest_route=\/wp\/v2\/posts\/881","targetHints":{"allow":["GET"]}}],"collection":[{"href":"https:\/\/lag-vinodol.hr\/wp\/index.php?rest_route=\/wp\/v2\/posts"}],"about":[{"href":"https:\/\/lag-vinodol.hr\/wp\/index.php?rest_route=\/wp\/v2\/types\/post"}],"author":[{"embeddable":true,"href":"https:\/\/lag-vinodol.hr\/wp\/index.php?rest_route=\/wp\/v2\/users\/2"}],"replies":[{"embeddable":true,"href":"https:\/\/lag-vinodol.hr\/wp\/index.php?rest_route=%2Fwp%2Fv2%2Fcomments&post=881"}],"version-history":[{"count":4,"href":"https:\/\/lag-vinodol.hr\/wp\/index.php?rest_route=\/wp\/v2\/posts\/881\/revisions"}],"predecessor-version":[{"id":961,"href":"https:\/\/lag-vinodol.hr\/wp\/index.php?rest_route=\/wp\/v2\/posts\/881\/revisions\/961"}],"wp:attachment":[{"href":"https:\/\/lag-vinodol.hr\/wp\/index.php?rest_route=%2Fwp%2Fv2%2Fmedia&parent=881"}],"wp:term":[{"taxonomy":"category","embeddable":true,"href":"https:\/\/lag-vinodol.hr\/wp\/index.php?rest_route=%2Fwp%2Fv2%2Fcategories&post=881"},{"taxonomy":"post_tag","embeddable":true,"href":"https:\/\/lag-vinodol.hr\/wp\/index.php?rest_route=%2Fwp%2Fv2%2Ftags&post=881"}],"curies":[{"name":"wp","href":"https:\/\/api.w.org\/{rel}","templated":true}]}}