{"id":471,"date":"2014-05-07T08:11:50","date_gmt":"2014-05-07T08:11:50","guid":{"rendered":"http:\/\/lag-vinodol.hr\/wp\/?p=471"},"modified":"2015-08-02T14:07:43","modified_gmt":"2015-08-02T14:07:43","slug":"predstavljanje-lag-a-vinodol-na-javnoj-tribini-za-poduzetnike-i-obrtnike-opcine-kostrena-kostrena-06-05-2014-g","status":"publish","type":"post","link":"https:\/\/lag-vinodol.hr\/wp\/?p=471","title":{"rendered":"PREDSTAVLJANJE LAG-a &#8220;VINODOL&#8221; NA JAVNOJ TRIBINI ZA PODUZETNIKE I OBRTNIKE OP\u0106INE KOSTRENA, KOSTRENA, 06.05.2014.g."},"content":{"rendered":"<p><a href=\"http:\/\/lag-vinodol.hr\/wp\/wp-content\/uploads\/2014\/05\/fotografija-1.jpg\"><img loading=\"lazy\" decoding=\"async\" class=\"size-medium wp-image-472 alignleft\" alt=\"fotografija (1)\" src=\"http:\/\/lag-vinodol.hr\/wp\/wp-content\/uploads\/2014\/05\/fotografija-1-300x180.jpg\" width=\"300\" height=\"180\" \/><\/a>Dana 06.05.2014.g. u Narodnoj \u010ditaonici Sv. Lucija, Op\u0107ine Kostrena odr\u017eana je javna tribina za poduzetnike i obrtnike Op\u0107ine Kostrena, na kojoj su predava\u010di bili predstavnici LAG-a \u201eVINODOL\u201c i Ekonomskog fakulteta Rijeka.\u00a0Predsjednik LAG-a \u201eVINODOL\u201c Ivica Jer\u010dinovi\u0107 objasnio je na\u010din osnivanja i razlog nastanka LAG-a \u201eVINODOL\u201c, prezentirao njegov rad i program, metodologiju po kojoj djeluje te mogu\u0107nosti i ciljeve. Voditeljica LAG-a \u201cVINODOL\u201d, Silvana Manestar predstavila je mjere ruralnog razvoja za programsko razdoblje 2014.-2020.g. s posebnim naglaskom na mjere koje se o\u010dekuju u 2014.g. Predstavnici Ekonomskog fakulteta Rijeka predstavili su program certifikacije gradova i op\u0107ina \u2013 proces koji promovira standarde i omogu\u0107ava ocjenu kvalitete usluga i informacija koje lokalne uprave pru\u017eaju poduzetnicima. Certifikacija gradova i op\u0107ina zna\u010di ispunjenje odre\u0111enih standarda, tj. odre\u0111enu garanciju da \u0107e postoje\u0107i poduzetnici, kao i potencijalni investitori, dobiti usluge i informacije na na\u010din koji olak\u0161ava poslove iz nadle\u017enosti lokalnih samouprava.<\/p>\n<p>&nbsp;<\/p>\n<p>&nbsp;<\/p>\n<p>&nbsp;<\/p>\n","protected":false},"excerpt":{"rendered":"<p>Dana 06.05.2014.g. u Narodnoj \u010ditaonici Sv. Lucija, Op\u0107ine Kostrena odr\u017eana je javna tribina za poduzetnike i obrtnike Op\u0107ine Kostrena, na kojoj su predava\u010di bili predstavnici LAG-a \u201eVINODOL\u201c i Ekonomskog fakulteta Rijeka.\u00a0Predsjednik LAG-a \u201eVINODOL\u201c Ivica Jer\u010dinovi\u0107 objasnio je na\u010din osnivanja i razlog nastanka LAG-a \u201eVINODOL\u201c, prezentirao njegov rad i program, metodologiju po kojoj djeluje te mogu\u0107nosti [&hellip;]<\/p>\n","protected":false},"author":2,"featured_media":0,"comment_status":"closed","ping_status":"open","sticky":false,"template":"","format":"standard","meta":{"footnotes":"","_links_to":"","_links_to_target":""},"categories":[6,1],"tags":[],"class_list":["post-471","post","type-post","status-publish","format-standard","hentry","category-novosti","category-uncategorized"],"_links":{"self":[{"href":"https:\/\/lag-vinodol.hr\/wp\/index.php?rest_route=\/wp\/v2\/posts\/471","targetHints":{"allow":["GET"]}}],"collection":[{"href":"https:\/\/lag-vinodol.hr\/wp\/index.php?rest_route=\/wp\/v2\/posts"}],"about":[{"href":"https:\/\/lag-vinodol.hr\/wp\/index.php?rest_route=\/wp\/v2\/types\/post"}],"author":[{"embeddable":true,"href":"https:\/\/lag-vinodol.hr\/wp\/index.php?rest_route=\/wp\/v2\/users\/2"}],"replies":[{"embeddable":true,"href":"https:\/\/lag-vinodol.hr\/wp\/index.php?rest_route=%2Fwp%2Fv2%2Fcomments&post=471"}],"version-history":[{"count":5,"href":"https:\/\/lag-vinodol.hr\/wp\/index.php?rest_route=\/wp\/v2\/posts\/471\/revisions"}],"predecessor-version":[{"id":477,"href":"https:\/\/lag-vinodol.hr\/wp\/index.php?rest_route=\/wp\/v2\/posts\/471\/revisions\/477"}],"wp:attachment":[{"href":"https:\/\/lag-vinodol.hr\/wp\/index.php?rest_route=%2Fwp%2Fv2%2Fmedia&parent=471"}],"wp:term":[{"taxonomy":"category","embeddable":true,"href":"https:\/\/lag-vinodol.hr\/wp\/index.php?rest_route=%2Fwp%2Fv2%2Fcategories&post=471"},{"taxonomy":"post_tag","embeddable":true,"href":"https:\/\/lag-vinodol.hr\/wp\/index.php?rest_route=%2Fwp%2Fv2%2Ftags&post=471"}],"curies":[{"name":"wp","href":"https:\/\/api.w.org\/{rel}","templated":true}]}}