{"id":451,"date":"2014-04-29T08:51:07","date_gmt":"2014-04-29T08:51:07","guid":{"rendered":"http:\/\/lag-vinodol.hr\/wp\/?p=451"},"modified":"2015-08-02T14:07:43","modified_gmt":"2015-08-02T14:07:43","slug":"predstavljanje-lag-a-vinodol-i-mjera-ruralnog-razvoja-2014-2020-g-bakar-28-04-2014-g","status":"publish","type":"post","link":"https:\/\/lag-vinodol.hr\/wp\/?p=451","title":{"rendered":"PREDSTAVLJANJE LAG-a &#8220;VINODOL&#8221; I MJERA RURALNOG RAZVOJA 2014.-2020.g., BAKAR, 28.04.2014.g."},"content":{"rendered":"<p style=\"text-align: justify\"><a href=\"http:\/\/lag-vinodol.hr\/wp\/wp-content\/uploads\/2014\/04\/fotografija1.jpg\"><img loading=\"lazy\" decoding=\"async\" class=\"size-medium wp-image-452 alignleft\" alt=\"fotografija\" src=\"http:\/\/lag-vinodol.hr\/wp\/wp-content\/uploads\/2014\/04\/fotografija1-300x180.jpg\" width=\"300\" height=\"180\" srcset=\"https:\/\/lag-vinodol.hr\/wp\/wp-content\/uploads\/2014\/04\/fotografija1-300x180.jpg 300w, https:\/\/lag-vinodol.hr\/wp\/wp-content\/uploads\/2014\/04\/fotografija1.jpg 800w\" sizes=\"auto, (max-width: 300px) 100vw, 300px\" \/><\/a>Lokalna akcijska grupa (LAG) \u201eVinodol\u201c i mjere ruralnog razvoja 2014.-2020.g. predstavljeni su 28.04.2014.g. u poslovnim prostorijama u Industrijskoj zoni Kukuljanovo d.o.o. (Bakar), a prezentaciji su se odazvali predstavnici Grada Bakra na \u010delu s gradona\u010delnikom Tomislavom Klari\u0107em, kao i predstavnici okolnih op\u0107ina i gradova.Predsjednik LAG-a \u201eVinodol\u201c Ivica Jer\u010dinovi\u0107 objasnio je na\u010din osnivanja i razlog nastanka LAG-a \u201eVinodol\u201c, te prezentirao njegov rad i program, metodologiju po kojoj djeluje te mogu\u0107nosti i ciljeve. Voditeljica LAG-a &#8220;Vinodol&#8221;, Silvana Manestar predstavila je mjere ruralnog razvoja za programsko razdoblje 2014.-2020.g. s posebnim naglaskom na mjere koje se o\u010dekuju u 2014.g.<\/p>\n<p>&nbsp;<\/p>\n","protected":false},"excerpt":{"rendered":"<p>Lokalna akcijska grupa (LAG) \u201eVinodol\u201c i mjere ruralnog razvoja 2014.-2020.g. predstavljeni su 28.04.2014.g. u poslovnim prostorijama u Industrijskoj zoni Kukuljanovo d.o.o. (Bakar), a prezentaciji su se odazvali predstavnici Grada Bakra na \u010delu s gradona\u010delnikom Tomislavom Klari\u0107em, kao i predstavnici okolnih op\u0107ina i gradova.Predsjednik LAG-a \u201eVinodol\u201c Ivica Jer\u010dinovi\u0107 objasnio je na\u010din osnivanja i razlog nastanka LAG-a [&hellip;]<\/p>\n","protected":false},"author":2,"featured_media":0,"comment_status":"closed","ping_status":"open","sticky":false,"template":"","format":"standard","meta":{"footnotes":"","_links_to":"","_links_to_target":""},"categories":[6,1],"tags":[],"class_list":["post-451","post","type-post","status-publish","format-standard","hentry","category-novosti","category-uncategorized"],"_links":{"self":[{"href":"https:\/\/lag-vinodol.hr\/wp\/index.php?rest_route=\/wp\/v2\/posts\/451","targetHints":{"allow":["GET"]}}],"collection":[{"href":"https:\/\/lag-vinodol.hr\/wp\/index.php?rest_route=\/wp\/v2\/posts"}],"about":[{"href":"https:\/\/lag-vinodol.hr\/wp\/index.php?rest_route=\/wp\/v2\/types\/post"}],"author":[{"embeddable":true,"href":"https:\/\/lag-vinodol.hr\/wp\/index.php?rest_route=\/wp\/v2\/users\/2"}],"replies":[{"embeddable":true,"href":"https:\/\/lag-vinodol.hr\/wp\/index.php?rest_route=%2Fwp%2Fv2%2Fcomments&post=451"}],"version-history":[{"count":4,"href":"https:\/\/lag-vinodol.hr\/wp\/index.php?rest_route=\/wp\/v2\/posts\/451\/revisions"}],"predecessor-version":[{"id":455,"href":"https:\/\/lag-vinodol.hr\/wp\/index.php?rest_route=\/wp\/v2\/posts\/451\/revisions\/455"}],"wp:attachment":[{"href":"https:\/\/lag-vinodol.hr\/wp\/index.php?rest_route=%2Fwp%2Fv2%2Fmedia&parent=451"}],"wp:term":[{"taxonomy":"category","embeddable":true,"href":"https:\/\/lag-vinodol.hr\/wp\/index.php?rest_route=%2Fwp%2Fv2%2Fcategories&post=451"},{"taxonomy":"post_tag","embeddable":true,"href":"https:\/\/lag-vinodol.hr\/wp\/index.php?rest_route=%2Fwp%2Fv2%2Ftags&post=451"}],"curies":[{"name":"wp","href":"https:\/\/api.w.org\/{rel}","templated":true}]}}