{"id":416,"date":"2014-04-14T08:13:02","date_gmt":"2014-04-14T08:13:02","guid":{"rendered":"http:\/\/lag-vinodol.hr\/wp\/?p=416"},"modified":"2015-08-02T14:07:43","modified_gmt":"2015-08-02T14:07:43","slug":"predavanje-program-ruralnog-razvoja-republike-hrvatske-za-razdoblje-2014-2020-g-fuzine-10-04-2014-g-3","status":"publish","type":"post","link":"https:\/\/lag-vinodol.hr\/wp\/?p=416","title":{"rendered":"PREDAVANJE &#8220;PROGRAM RURALNOG RAZVOJA REPUBLIKE HRVATSKE ZA RAZDOBLJE 2014.-2020.g.&#8221;, FU\u017dINE, 10.04.2014.g."},"content":{"rendered":"<p style=\"text-align: justify\"><a href=\"http:\/\/lag-vinodol.hr\/wp\/wp-content\/uploads\/2014\/04\/fotografija.jpg\"><img loading=\"lazy\" decoding=\"async\" class=\"size-medium wp-image-381 alignleft\" alt=\"fotografija\" src=\"http:\/\/lag-vinodol.hr\/wp\/wp-content\/uploads\/2014\/04\/fotografija-300x225.jpg\" width=\"300\" height=\"225\" srcset=\"https:\/\/lag-vinodol.hr\/wp\/wp-content\/uploads\/2014\/04\/fotografija-300x225.jpg 300w, https:\/\/lag-vinodol.hr\/wp\/wp-content\/uploads\/2014\/04\/fotografija-1024x768.jpg 1024w, https:\/\/lag-vinodol.hr\/wp\/wp-content\/uploads\/2014\/04\/fotografija.jpg 1280w\" sizes=\"auto, (max-width: 300px) 100vw, 300px\" \/><span style=\"color: #333333\">10. travnja 2014.g. u 11 sati u Velikoj vije\u0107nici Op\u0107ine Fu\u017eine , u Fu\u017einama, u organizaciji \u017eupanijske komore Primorsko-goranske \u017eupanije Hrvatske poljoprivredne komore u suradnji s Ministarstvom poljoprivrede, odr\u017eano je predavanje \u201eProgram ruralnog razvoja RH za razdoblje 2014.-2020.g.\u201c (predava\u010d g. Dragomir \u0110evi\u0107, Ministarstvo poljoprivrede). LAG \u201eVinodol\u201c je prisustvovao predavanju sa svoja dva stru\u010dna suradnika. Cilj predavanja bio je upoznati sve zainteresirane s Programom ruralnog razvoja 2014.-2020.g., te mogu\u0107no\u0161\u0107u prijavljivanja projekata u EAFRD. Posebno su bile istaknute Mjere za poljoprivredu i poljoprivrednike, o kojima se na kraju najvi\u0161e raspravljalo.<\/span><\/a><\/p>\n","protected":false},"excerpt":{"rendered":"<p>10. travnja 2014.g. u 11 sati u Velikoj vije\u0107nici Op\u0107ine Fu\u017eine , u Fu\u017einama, u organizaciji \u017eupanijske komore Primorsko-goranske \u017eupanije Hrvatske poljoprivredne komore u suradnji s Ministarstvom poljoprivrede, odr\u017eano je predavanje \u201eProgram ruralnog razvoja RH za razdoblje 2014.-2020.g.\u201c (predava\u010d g. Dragomir \u0110evi\u0107, Ministarstvo poljoprivrede). LAG \u201eVinodol\u201c je prisustvovao predavanju sa svoja dva stru\u010dna suradnika. Cilj [&hellip;]<\/p>\n","protected":false},"author":2,"featured_media":0,"comment_status":"closed","ping_status":"open","sticky":false,"template":"","format":"standard","meta":{"footnotes":"","_links_to":"","_links_to_target":""},"categories":[6,1],"tags":[],"class_list":["post-416","post","type-post","status-publish","format-standard","hentry","category-novosti","category-uncategorized"],"_links":{"self":[{"href":"https:\/\/lag-vinodol.hr\/wp\/index.php?rest_route=\/wp\/v2\/posts\/416","targetHints":{"allow":["GET"]}}],"collection":[{"href":"https:\/\/lag-vinodol.hr\/wp\/index.php?rest_route=\/wp\/v2\/posts"}],"about":[{"href":"https:\/\/lag-vinodol.hr\/wp\/index.php?rest_route=\/wp\/v2\/types\/post"}],"author":[{"embeddable":true,"href":"https:\/\/lag-vinodol.hr\/wp\/index.php?rest_route=\/wp\/v2\/users\/2"}],"replies":[{"embeddable":true,"href":"https:\/\/lag-vinodol.hr\/wp\/index.php?rest_route=%2Fwp%2Fv2%2Fcomments&post=416"}],"version-history":[{"count":6,"href":"https:\/\/lag-vinodol.hr\/wp\/index.php?rest_route=\/wp\/v2\/posts\/416\/revisions"}],"predecessor-version":[{"id":450,"href":"https:\/\/lag-vinodol.hr\/wp\/index.php?rest_route=\/wp\/v2\/posts\/416\/revisions\/450"}],"wp:attachment":[{"href":"https:\/\/lag-vinodol.hr\/wp\/index.php?rest_route=%2Fwp%2Fv2%2Fmedia&parent=416"}],"wp:term":[{"taxonomy":"category","embeddable":true,"href":"https:\/\/lag-vinodol.hr\/wp\/index.php?rest_route=%2Fwp%2Fv2%2Fcategories&post=416"},{"taxonomy":"post_tag","embeddable":true,"href":"https:\/\/lag-vinodol.hr\/wp\/index.php?rest_route=%2Fwp%2Fv2%2Ftags&post=416"}],"curies":[{"name":"wp","href":"https:\/\/api.w.org\/{rel}","templated":true}]}}