{"id":363,"date":"2014-03-13T12:22:43","date_gmt":"2014-03-13T12:22:43","guid":{"rendered":"http:\/\/lag-vinodol.hr\/wp\/?p=363"},"modified":"2015-08-02T14:08:13","modified_gmt":"2015-08-02T14:08:13","slug":"prezentacija-za-poduzetnike-i-investitore-crikvenica-12-03-2014-g-2","status":"publish","type":"post","link":"https:\/\/lag-vinodol.hr\/wp\/?p=363","title":{"rendered":"<!--:hr-->PREZENTACIJA ZA PODUZETNIKE I INVESTITORE, Crikvenica, 12.03.2014.g.<!--:-->"},"content":{"rendered":"<p><!--:hr--><a href=\"http:\/\/lag-vinodol.hr\/wp\/wp-content\/uploads\/2014\/03\/20140312_190251.jpg\"><img loading=\"lazy\" decoding=\"async\" class=\"size-medium wp-image-357 alignleft\" alt=\"20140312_190251\" src=\"http:\/\/lag-vinodol.hr\/wp\/wp-content\/uploads\/2014\/03\/20140312_190251-300x225.jpg\" width=\"300\" height=\"225\" srcset=\"https:\/\/lag-vinodol.hr\/wp\/wp-content\/uploads\/2014\/03\/20140312_190251-300x225.jpg 300w, https:\/\/lag-vinodol.hr\/wp\/wp-content\/uploads\/2014\/03\/20140312_190251-1024x768.jpg 1024w\" sizes=\"auto, (max-width: 300px) 100vw, 300px\" \/><\/a>Dana 12.03.2014.g. odr\u017eana je u Vije\u0107nici Grada Crikvenice prezentacija za poduzetnike i potencijalne investitore, u organizaciji Poduzetni\u010dkog centra \u201eVinodol\u201c d.o.o., LAG-a \u201eVINODOL\u201c, Udru\u017eenja obrtnika Grada Crikvenice i Op\u0107ine Vinodolske i Udru\u017eenja obrtnika Grada Novi Vinodolski.<!--:--><!--more--><!--:hr--><\/p>\n<p>Prezentacijom su bile obuhva\u0107ene slijede\u0107e teme:<\/p>\n<ol>\n<li>Poduzetni\u010dki impuls 2014.g.<\/li>\n<li>Mjere ruralnog razvoja 2014.g.-2020.g.<\/li>\n<li>Ostale mogu\u0107nosti za potencijalne investitore<\/li>\n<\/ol>\n<p>Prezentaciju je otvorio direktor Poduzetni\u010dkog centra \u201eVinodol\u201c d.o.o., g. Ivica Jer\u010dinovi\u0107, koji je najavio Poduzetni\u010dki impuls 2014.g., a prezentaciju je nastavila Margareta Goi\u0107, sa posebnim naglaskom na mjeru A.1. Poduzetni\u010dkog impulsa: Mikro poduzetni\u0161tvo i obrt, za koju postoji procjena da je najinteresantnija za poduzetnike i investitore na\u0161eg kraja.<\/p>\n<p>Potom je g. Ivica Jer\u010dinovi\u0107, predsjednik LAG-a \u201eVINODOL\u201c, dao kratki uvod u osnutak, ciljeve i mogu\u0107nosti LAG-a \u201eVINODOL\u201c, a voditeljica LAG-a, Silvana Manestar, upoznala je sve prisutne sa mjerama ruralnog razvoja koje su najavljene za period 2014.-2020.g.<\/p>\n<p>Prezentacija je privedena kraju sa upoznavanjem potencijalnih investitora sa ostalim mogu\u0107nostima koje im stoje na raspolaganju, kako bi im se olak\u0161alo poslovanje, sa naglaskom na kreditne linije po programu \u201ePoduzetnik Grada Novi Vinodolski, Grada Crikvenice i Vinodolske op\u0107ine\u201c.<\/p>\n<p style=\"text-align: center;\">[nggallery id=11]<\/p>\n<p><!--:--><\/p>\n","protected":false},"excerpt":{"rendered":"<p>Dana 12.03.2014.g. odr\u017eana je u Vije\u0107nici Grada Crikvenice prezentacija za poduzetnike i potencijalne investitore, u organizaciji Poduzetni\u010dkog centra \u201eVinodol\u201c d.o.o., LAG-a \u201eVINODOL\u201c, Udru\u017eenja obrtnika Grada Crikvenice i Op\u0107ine Vinodolske i Udru\u017eenja obrtnika Grada Novi Vinodolski.<\/p>\n","protected":false},"author":1,"featured_media":0,"comment_status":"closed","ping_status":"open","sticky":false,"template":"","format":"standard","meta":{"footnotes":"","_links_to":"","_links_to_target":""},"categories":[6,1],"tags":[],"class_list":["post-363","post","type-post","status-publish","format-standard","hentry","category-novosti","category-uncategorized"],"_links":{"self":[{"href":"https:\/\/lag-vinodol.hr\/wp\/index.php?rest_route=\/wp\/v2\/posts\/363","targetHints":{"allow":["GET"]}}],"collection":[{"href":"https:\/\/lag-vinodol.hr\/wp\/index.php?rest_route=\/wp\/v2\/posts"}],"about":[{"href":"https:\/\/lag-vinodol.hr\/wp\/index.php?rest_route=\/wp\/v2\/types\/post"}],"author":[{"embeddable":true,"href":"https:\/\/lag-vinodol.hr\/wp\/index.php?rest_route=\/wp\/v2\/users\/1"}],"replies":[{"embeddable":true,"href":"https:\/\/lag-vinodol.hr\/wp\/index.php?rest_route=%2Fwp%2Fv2%2Fcomments&post=363"}],"version-history":[{"count":3,"href":"https:\/\/lag-vinodol.hr\/wp\/index.php?rest_route=\/wp\/v2\/posts\/363\/revisions"}],"predecessor-version":[{"id":365,"href":"https:\/\/lag-vinodol.hr\/wp\/index.php?rest_route=\/wp\/v2\/posts\/363\/revisions\/365"}],"wp:attachment":[{"href":"https:\/\/lag-vinodol.hr\/wp\/index.php?rest_route=%2Fwp%2Fv2%2Fmedia&parent=363"}],"wp:term":[{"taxonomy":"category","embeddable":true,"href":"https:\/\/lag-vinodol.hr\/wp\/index.php?rest_route=%2Fwp%2Fv2%2Fcategories&post=363"},{"taxonomy":"post_tag","embeddable":true,"href":"https:\/\/lag-vinodol.hr\/wp\/index.php?rest_route=%2Fwp%2Fv2%2Ftags&post=363"}],"curies":[{"name":"wp","href":"https:\/\/api.w.org\/{rel}","templated":true}]}}