{"id":199,"date":"2014-01-27T16:41:58","date_gmt":"2014-01-27T16:41:58","guid":{"rendered":"http:\/\/lag-vinodol.hr\/wp\/?p=199"},"modified":"2015-08-02T14:08:13","modified_gmt":"2015-08-02T14:08:13","slug":"manifestacija-berba-maslina","status":"publish","type":"post","link":"https:\/\/lag-vinodol.hr\/wp\/?p=199","title":{"rendered":"<!--:hr-->MANIFESTACIJA \u201eBERBA MASLINA\u201c<!--:-->"},"content":{"rendered":"<p><!--:hr-->U svrhu promoviranja LAG \u201eVinodol\u201c-a, dana 25.10.2013. godine, s po\u010detkom u 11 h, odr\u017eana je manifestacija \u201eBerba maslina\u201c.<\/p>\n<p>Osim LAG-a \u201eVinodol\u201c u organizaciji doga\u0111aja \u201eBerba maslina sudjelovali su jo\u0161 i Vinodolska Op\u0107ina, TZO Vinodol i poljoprivredna zadruga \u201ePlodovi Vinodola\u201c.<\/p>\n<p>Manifestacija je odr\u017eana u masliniku OPG-a \u201eKr\u0161ul\u201c, \u010diji je maslinik prvi ve\u0107i nasad na podru\u010dju Vinodolske Op\u0107ine nastao u novije vrijeme, podignut prije 6 god., a na \u010dijem su projektu sudjelovali Vinodolska Op\u0107ina, \u017dupanija Primorsko-goranska, te Poljoprivredna Zadruga \u201ePlodovi Vinodola\u201c.<\/p>\n<p>Berbi su prisustvovali bera\u010di volonteri, \u010dlanovi LAG-a \u201eVinodol\u201c, \u010dlanovi PZ \u201ePlodovi Vinodola\u201c, na\u010delnik i zamjenik Vinodolske Op\u0107ine, TZO Vinodol, te novinari \u201eNovog lista\u201c, \u201eGlasa Vinodola\u201c i tv ekipa Kanala RI.<\/p>\n<p>Napravljene su reporta\u017ee za novine, te snimljena tv reporta\u017ea.<\/p>\n<p>Nakon \u0161to su pobrane masline, OPG \u201eKr\u0161ul\u201c je napravio degustaciju\u00a0 isklju\u010divo doma\u0107ih proizvoda, kao npr. doma\u0107e maslinovo ulje, masline, marinada od maslina, kruh od maslina, bribirski prisnac (doma\u0107e autohtono jelo) i blitvovac&#8230;<\/p>\n<p>Masline su isti dan odve\u017eene na preradu u uljaru Punat, Krk, te je dobiveno ulje vrhunske kakvo\u0107e.<\/p>\n<p><a title=\"Fotogalerija\" href=\"http:\/\/lag-vinodol.hr\/wp\/?page_id=40#berba-maslina\">Fotogaleriju pogledajte ovdje<\/a><\/p>\n<p>[slideshow id=6]<!--:--><\/p>\n","protected":false},"excerpt":{"rendered":"<p>U svrhu promoviranja LAG \u201eVinodol\u201c-a, dana 25.10.2013. godine, s po\u010detkom u 11 h, odr\u017eana je manifestacija \u201eBerba maslina\u201c. Osim LAG-a \u201eVinodol\u201c u organizaciji doga\u0111aja \u201eBerba maslina sudjelovali su jo\u0161 i Vinodolska Op\u0107ina, TZO Vinodol i poljoprivredna zadruga \u201ePlodovi Vinodola\u201c. Manifestacija je odr\u017eana u masliniku OPG-a \u201eKr\u0161ul\u201c, \u010diji je maslinik prvi ve\u0107i nasad na podru\u010dju Vinodolske [&hellip;]<\/p>\n","protected":false},"author":1,"featured_media":0,"comment_status":"closed","ping_status":"open","sticky":false,"template":"","format":"standard","meta":{"footnotes":"","_links_to":"","_links_to_target":""},"categories":[6,1],"tags":[],"class_list":["post-199","post","type-post","status-publish","format-standard","hentry","category-novosti","category-uncategorized"],"_links":{"self":[{"href":"https:\/\/lag-vinodol.hr\/wp\/index.php?rest_route=\/wp\/v2\/posts\/199","targetHints":{"allow":["GET"]}}],"collection":[{"href":"https:\/\/lag-vinodol.hr\/wp\/index.php?rest_route=\/wp\/v2\/posts"}],"about":[{"href":"https:\/\/lag-vinodol.hr\/wp\/index.php?rest_route=\/wp\/v2\/types\/post"}],"author":[{"embeddable":true,"href":"https:\/\/lag-vinodol.hr\/wp\/index.php?rest_route=\/wp\/v2\/users\/1"}],"replies":[{"embeddable":true,"href":"https:\/\/lag-vinodol.hr\/wp\/index.php?rest_route=%2Fwp%2Fv2%2Fcomments&post=199"}],"version-history":[{"count":4,"href":"https:\/\/lag-vinodol.hr\/wp\/index.php?rest_route=\/wp\/v2\/posts\/199\/revisions"}],"predecessor-version":[{"id":252,"href":"https:\/\/lag-vinodol.hr\/wp\/index.php?rest_route=\/wp\/v2\/posts\/199\/revisions\/252"}],"wp:attachment":[{"href":"https:\/\/lag-vinodol.hr\/wp\/index.php?rest_route=%2Fwp%2Fv2%2Fmedia&parent=199"}],"wp:term":[{"taxonomy":"category","embeddable":true,"href":"https:\/\/lag-vinodol.hr\/wp\/index.php?rest_route=%2Fwp%2Fv2%2Fcategories&post=199"},{"taxonomy":"post_tag","embeddable":true,"href":"https:\/\/lag-vinodol.hr\/wp\/index.php?rest_route=%2Fwp%2Fv2%2Ftags&post=199"}],"curies":[{"name":"wp","href":"https:\/\/api.w.org\/{rel}","templated":true}]}}