{"id":1566,"date":"2018-04-03T07:28:33","date_gmt":"2018-04-03T07:28:33","guid":{"rendered":"http:\/\/lag-vinodol.hr\/wp\/?p=1566"},"modified":"2018-04-10T05:58:45","modified_gmt":"2018-04-10T05:58:45","slug":"8-nacionalna-konferencija-o-sigurnosti-i-kakvoci-pcelinjih-proizvoda","status":"publish","type":"post","link":"https:\/\/lag-vinodol.hr\/wp\/?p=1566","title":{"rendered":"8. NACIONALNA KONFERENCIJA O SIGURNOSTI I KAKVO\u0106I P\u010cELINJIH PROIZVODA"},"content":{"rendered":"<p><a href=\"http:\/\/lag-vinodol.hr\/wp\/wp-content\/uploads\/2018\/04\/8.-Nacionalna-konferencija.jpg\"><img loading=\"lazy\" decoding=\"async\" class=\" wp-image-1567 alignleft\" src=\"http:\/\/lag-vinodol.hr\/wp\/wp-content\/uploads\/2018\/04\/8.-Nacionalna-konferencija-300x111.jpg\" alt=\"\" width=\"830\" height=\"307\" srcset=\"https:\/\/lag-vinodol.hr\/wp\/wp-content\/uploads\/2018\/04\/8.-Nacionalna-konferencija-300x111.jpg 300w, https:\/\/lag-vinodol.hr\/wp\/wp-content\/uploads\/2018\/04\/8.-Nacionalna-konferencija-768x284.jpg 768w, https:\/\/lag-vinodol.hr\/wp\/wp-content\/uploads\/2018\/04\/8.-Nacionalna-konferencija.jpg 851w\" sizes=\"auto, (max-width: 830px) 100vw, 830px\" \/><\/a>Ovogodi\u0161nje, osmo po redu nacionalno okupljanje proizvo\u0111a\u010dke, stru\u010dne i znanstvene zajednice, odr\u017eava se 06.04.2018. godine u Centru za kulturu Grada Novi Vinodolski.<\/p>\n<p><strong>Program i ostale informacije o konferenciji preuzmite&nbsp;<a href=\"http:\/\/upu-pgz.hr\/wp-content\/uploads\/2018\/03\/8.Konferencija_2018_1.OBAVIJEST-1.pdf\" target=\"_blank\" rel=\"noopener\">OVDJ<\/a><a href=\"http:\/\/upu-pgz.hr\/wp-content\/uploads\/2018\/03\/8.Konferencija_2018_1.OBAVIJEST-1.pdf\" target=\"_blank\" rel=\"noopener\">E.<\/a><\/strong><\/p>\n<p><strong>Prijavni obrazac za sudjelovanje na konferenciji preuzmite&nbsp;<a href=\"http:\/\/upu-pgz.hr\/wp-content\/uploads\/2018\/03\/8.Konferencija_2018_PRIJAVNI-OBRAZAC.doc\" target=\"_blank\" rel=\"noopener\">OVDJE.<\/a><\/strong><\/p>\n<p><strong>O KONFERENCIJI<\/strong><\/p>\n<p>Pro\u0161logodi\u0161nja&nbsp;<em>\u201eSedma Nacionalna konferencija o sigurnosti i kakvo\u0107i p\u010delinjih proizvoda \u2013 Kako dalje?\u201c<\/em>, dala je mnogobrojne odgovore, ali i postavila neodgovorena odre\u0111ena pitanja. S time su pred organizatore ovogodi\u0161njeg izdanja Konferencije postavljeni izra\u017eeni programski ali i zna\u010dajni sadr\u017eajni izazovi. Ovogodi\u0161nje, osmo po redu okupljanje proizvo\u0111a\u010dke, stru\u010dne i znanstvene zajednice, na nacionalnoj razini, uz sudjelovanje uglednih gostiju iz inozemstva provodi se pod nazivom&nbsp;<em>\u201eOsma Nacionalna konferencija o sigurnosti i kakvo\u0107i p\u010delinjih proizvoda \u2013 Institucionalna za\u0161tita kvalitete\u201c<\/em>.<\/p>\n<p>Ona se odr\u017eava 06. travnja 2018. godine&nbsp; u Kulturnom centru Novog Vinodolskog, grada koji predstavlja kolijevku pisane hrvatske p\u010delarske povijesti.&nbsp; Novi Vinodolski ba\u0161tini \u201cVinodolski zakonik\u201d iz 1288. godine, najstariji cjelovito sa\u010duvani spomenik obi\u010dajnog prava na hrvatskome jeziku, u kojem se susre\u0107u prve odredbe p\u010delarskog prava u hrvatskoj pravnoj povijesti<\/p>\n<div id=\"attachment_3039\" class=\"wp-caption alignright\">\n<p class=\"wp-caption-text\">&nbsp;<\/p>\n<\/div>\n<figure style=\"width: 349px\" class=\"wp-caption alignright\"><img loading=\"lazy\" decoding=\"async\" src=\"http:\/\/upu-pgz.hr\/wp-content\/uploads\/2018\/03\/vinodolski-zakonik.jpg\" alt=\"\" width=\"349\" height=\"259\"><figcaption class=\"wp-caption-text\">Prijepis \u201eVinodolskog zakonika\u201c iz 16. stolje\u0107a. Izvornik je nastao 1288. godine i do danas nije sa\u010duvan<\/figcaption><\/figure>\n<p>U skladu sa svojim nazivom Konferencija je namijenjena sagledavanju odrednica zdravstvene ispravnosti, sigurnosti, kakvo\u0107e i podrijetla p\u010delinjih proizvoda no isto tako i institucionalnim i vaninstitucionalnim aspektima njihove primarne proizvodnje. Tematski je vezana uz aktualnosti vezane uz percepciju kakvo\u0107e p\u010delinjih proizvoda i njihovih prera\u0111evina. Posebno se pri tome nagla\u0161ava i valorizacija sigurnosnih zna\u010dajki njihove uporabe u okviru va\u017ee\u0107ih tr\u017ei\u0161nih i vantr\u017ei\u0161nih mehanizama. Polemike koje se konstantno vode unutar sektora vrlo su dinami\u010dne. Stoga predstavljaju dodatni motiv u nastojanju kako bi se na raspolaganje stavila i podijelila vlastita iskustva, kako unutar tako i izvan okvira samog proizvodnog procesa.<\/p>\n<p>Na ovoj se Konferenciji, organiziranoj na dr\u017eavnoj razini, zaklju\u010dno o\u010dekuje kvalitetan i intenzivan jednodnevni program. Njime \u0107e se jo\u0161 jednom omogu\u0107iti jedinstvena priliku za raspravu me\u0111u sudionicima te razmjenu informacija i ideja od zna\u010daja za sigurnost p\u010delinjih proizvoda kako tijekom proizvodnje kao i prilikom njihove uporabe. Ovaj, sada ve\u0107 tradicionalni skup okuplja kako p\u010delarske prakti\u010dare tako i cjelovitu p\u010delarsku struku involviranu u razne aspekte osiguranja sigurnosti i kakvo\u0107e p\u010delinjih proizvoda i kao stru\u010dno-znanstveni skup, jedinstven je po tome \u0161to se na jednom mjestu sastaju i razmjenjuju podatke, predstavnici i primarne p\u010delarske proizvodnje i p\u010delarske znanosti.<\/p>\n<p><strong>MJESTO ODR\u017dAVANJA<\/strong><\/p>\n<p><strong>Centar za kulturu Grada Novi Vinodolski<br \/>\n<\/strong>Korzo hrvatskih branitelja 2<br \/>\n51250 Novi Vinodolski (Povijesna jezgra)<\/p>\n<p><strong>&nbsp;<\/strong><strong>ORGANIZATORI<\/strong><\/p>\n<ul>\n<li>Katedra za zdravstvenu ekologiju Medicinskog fakulteta Sveu\u010dili\u0161ta u Rijeci<\/li>\n<li>Udru\u017eenje p\u010delarskih udruga Primorsko-goranske \u017eupanije<\/li>\n<li>Hrvatski p\u010delarski savez<\/li>\n<li>Centar za poljoprivredu i ruralni razvoj Primorsko-goranske \u017eupanije<\/li>\n<li>Udruga p\u010delara grada Novi Vinodolski<\/li>\n<li>Biop\u010dela, Udruga za promociju i primjenu ekolo\u0161ke p\u010delarske etike, Rijeka<\/li>\n<li>Udruga p\u010delara Kadulja, Otok Krk<\/li>\n<li>P\u010delarsko dru\u0161tvo Rab<\/li>\n<li>Udruga proizvo\u0111a\u010da meduna, Vrbovsko<\/li>\n<li>P\u010delarska udruga grada \u010cabra<\/li>\n<li>P\u010delarska udruga Matulji<\/li>\n<li>P\u010delarsko dru\u0161tvo Ku\u0161 grada Crikvenice i op\u0107ine Vinodolske<\/li>\n<li>P\u010delarska udruga Kastav<\/li>\n<li>Hrvatska udruga senzorskih analiti\u010dara meda, Rijeka<\/li>\n<li>Udruga proizvo\u0111a\u010da meda od kadulje, Omi\u0161alj<\/li>\n<li>U\u010dili\u0161te Apis, Velika Gorica<\/li>\n<\/ul>\n<p><strong>&nbsp;<\/strong><strong>INSTITUCIONALNA PODR\u0160KA<\/strong><\/p>\n<ul>\n<li>Ministarstvo poljoprivrede RH<\/li>\n<li>Primorsko-goranska \u017eupanija<\/li>\n<li>Grad Novi Vinodolski<\/li>\n<li>Turisti\u010dka zajednica Grada Novog Vinodolskog<\/li>\n<li>LAG Vinodol<\/li>\n<li>Hrvatski institut za ruralni razvoj, p\u010delarstvo, lovstvo i ekologiju<\/li>\n<li>Hrvatsko apiterapijsko dru\u0161tvo<\/li>\n<\/ul>\n","protected":false},"excerpt":{"rendered":"<p>Ovogodi\u0161nje, osmo po redu nacionalno okupljanje proizvo\u0111a\u010dke, stru\u010dne i znanstvene zajednice, odr\u017eava se 06.04.2018. godine u Centru za kulturu Grada Novi Vinodolski. Program i ostale informacije o konferenciji preuzmite&nbsp;OVDJE. Prijavni obrazac za sudjelovanje na konferenciji preuzmite&nbsp;OVDJE. O KONFERENCIJI Pro\u0161logodi\u0161nja&nbsp;\u201eSedma Nacionalna konferencija o sigurnosti i kakvo\u0107i p\u010delinjih proizvoda \u2013 Kako dalje?\u201c, dala je mnogobrojne odgovore, ali [&hellip;]<\/p>\n","protected":false},"author":1,"featured_media":0,"comment_status":"closed","ping_status":"closed","sticky":false,"template":"","format":"standard","meta":{"footnotes":"","_links_to":"","_links_to_target":""},"categories":[6],"tags":[],"class_list":["post-1566","post","type-post","status-publish","format-standard","hentry","category-novosti"],"_links":{"self":[{"href":"https:\/\/lag-vinodol.hr\/wp\/index.php?rest_route=\/wp\/v2\/posts\/1566","targetHints":{"allow":["GET"]}}],"collection":[{"href":"https:\/\/lag-vinodol.hr\/wp\/index.php?rest_route=\/wp\/v2\/posts"}],"about":[{"href":"https:\/\/lag-vinodol.hr\/wp\/index.php?rest_route=\/wp\/v2\/types\/post"}],"author":[{"embeddable":true,"href":"https:\/\/lag-vinodol.hr\/wp\/index.php?rest_route=\/wp\/v2\/users\/1"}],"replies":[{"embeddable":true,"href":"https:\/\/lag-vinodol.hr\/wp\/index.php?rest_route=%2Fwp%2Fv2%2Fcomments&post=1566"}],"version-history":[{"count":7,"href":"https:\/\/lag-vinodol.hr\/wp\/index.php?rest_route=\/wp\/v2\/posts\/1566\/revisions"}],"predecessor-version":[{"id":1574,"href":"https:\/\/lag-vinodol.hr\/wp\/index.php?rest_route=\/wp\/v2\/posts\/1566\/revisions\/1574"}],"wp:attachment":[{"href":"https:\/\/lag-vinodol.hr\/wp\/index.php?rest_route=%2Fwp%2Fv2%2Fmedia&parent=1566"}],"wp:term":[{"taxonomy":"category","embeddable":true,"href":"https:\/\/lag-vinodol.hr\/wp\/index.php?rest_route=%2Fwp%2Fv2%2Fcategories&post=1566"},{"taxonomy":"post_tag","embeddable":true,"href":"https:\/\/lag-vinodol.hr\/wp\/index.php?rest_route=%2Fwp%2Fv2%2Ftags&post=1566"}],"curies":[{"name":"wp","href":"https:\/\/api.w.org\/{rel}","templated":true}]}}