{"id":1397,"date":"2017-06-09T10:30:47","date_gmt":"2017-06-09T10:30:47","guid":{"rendered":"http:\/\/lag-vinodol.hr\/wp\/?p=1397"},"modified":"2017-09-22T07:04:24","modified_gmt":"2017-09-22T07:04:24","slug":"potpisani-ugovori-o-sufinanciranju-rada-lag-ova-pgz-u-2017-g","status":"publish","type":"post","link":"https:\/\/lag-vinodol.hr\/wp\/?p=1397","title":{"rendered":"POTPISANI UGOVORI O SUFINANCIRANJU RADA LAG-ova PG\u017d U 2017.g."},"content":{"rendered":"<p><a href=\"http:\/\/lag-vinodol.hr\/wp\/wp-content\/uploads\/2017\/06\/LAG-VINODOL-POTPISIVANJE-UGOVORA.jpg\"><img loading=\"lazy\" decoding=\"async\" class=\"size-medium wp-image-1399 alignleft\" src=\"http:\/\/lag-vinodol.hr\/wp\/wp-content\/uploads\/2017\/06\/LAG-VINODOL-POTPISIVANJE-UGOVORA-300x207.jpg\" alt=\"\" width=\"300\" height=\"207\" srcset=\"https:\/\/lag-vinodol.hr\/wp\/wp-content\/uploads\/2017\/06\/LAG-VINODOL-POTPISIVANJE-UGOVORA-300x207.jpg 300w, https:\/\/lag-vinodol.hr\/wp\/wp-content\/uploads\/2017\/06\/LAG-VINODOL-POTPISIVANJE-UGOVORA-768x530.jpg 768w, https:\/\/lag-vinodol.hr\/wp\/wp-content\/uploads\/2017\/06\/LAG-VINODOL-POTPISIVANJE-UGOVORA.jpg 900w\" sizes=\"auto, (max-width: 300px) 100vw, 300px\" \/><\/a>Danas, 8. lipnja u Maloj vije\u0107nici Grada Krka zamjenik \u017eupana Petar Mamula i predstavnici \u010detiriju lokalnih akcijskih grupa s podru\u010dja Primorsko-goranske \u017eupanije potpisali su ugovore o sufinanciranju rada LAG-ova.<\/p>\n<p>Uz zamjenika Mamulu, ugovore su potpisali predsjednik LAG-a &#8220;VINODOL&#8221; Ivica Jer\u010dinovi\u0107, predsjednik LAG-a Kvarnerski otoci Zdenko Kirin\u010di\u0107, dopredsjednica LAG-a Gorski kotar Sanja \u010cop i predsjednica LAG-a Terra Liburna An\u0111ela Cvjetkovi\u0107.<\/p>\n<p>PG\u017d sufinancira rad LAG-ova s ciljem ja\u010danja kapaciteta informiranja i edukacije poduzetnika i javnog sektora za prijavu na natje\u010daje za kori\u0161tenje sredstava iz programa ruralnog razvoja Republike Hrvatske. Svakom LAG-u dodijeljeno je 100.000 kuna.<\/p>\n<p>LAG-ovi \u0107e sudjelovati u aktivnostima edukacije i organizacije stru\u010dnih skupova i prezentacija u suradnji s PG\u017d i Centrom za poljoprivredu i ruralni razvoj Primorsko-goranske \u017eupanije. Organizirat \u0107e edukacije za obiteljska poljoprivredna gospodarstva, za osnivanje i poslovanje zadruga te sudjelovati u aktivnostima promocije proizvo\u0111a\u010da autohtonih proizvoda s podru\u010dja Primorsko-goranske \u017eupanije u suradnji s drugim lokalnim akcijskim grupama i Centrom za poljoprivredu i ruralni razvoj Primorsko-goranske \u017eupanije.<\/p>\n<p>Lokalne akcijske grupe s na\u0161eg podru\u010dja jedna su od temeljnih informativnih i edukacijskih centara za provedbu Programa ruralnog razvoja RH. Objedinjavaju poduzetnike, JLS i razne udruge civilnog sektora te je njihov rad od interesa za \u0161to \u0161iru i u\u010dinkovitiju provedbu programa.<\/p>\n","protected":false},"excerpt":{"rendered":"<p>Danas, 8. lipnja u Maloj vije\u0107nici Grada Krka zamjenik \u017eupana Petar Mamula i predstavnici \u010detiriju lokalnih akcijskih grupa s podru\u010dja Primorsko-goranske \u017eupanije potpisali su ugovore o sufinanciranju rada LAG-ova. Uz zamjenika Mamulu, ugovore su potpisali predsjednik LAG-a &#8220;VINODOL&#8221; Ivica Jer\u010dinovi\u0107, predsjednik LAG-a Kvarnerski otoci Zdenko Kirin\u010di\u0107, dopredsjednica LAG-a Gorski kotar Sanja \u010cop i predsjednica LAG-a [&hellip;]<\/p>\n","protected":false},"author":1,"featured_media":0,"comment_status":"closed","ping_status":"closed","sticky":false,"template":"","format":"standard","meta":{"footnotes":"","_links_to":"","_links_to_target":""},"categories":[6],"tags":[],"class_list":["post-1397","post","type-post","status-publish","format-standard","hentry","category-novosti"],"_links":{"self":[{"href":"https:\/\/lag-vinodol.hr\/wp\/index.php?rest_route=\/wp\/v2\/posts\/1397","targetHints":{"allow":["GET"]}}],"collection":[{"href":"https:\/\/lag-vinodol.hr\/wp\/index.php?rest_route=\/wp\/v2\/posts"}],"about":[{"href":"https:\/\/lag-vinodol.hr\/wp\/index.php?rest_route=\/wp\/v2\/types\/post"}],"author":[{"embeddable":true,"href":"https:\/\/lag-vinodol.hr\/wp\/index.php?rest_route=\/wp\/v2\/users\/1"}],"replies":[{"embeddable":true,"href":"https:\/\/lag-vinodol.hr\/wp\/index.php?rest_route=%2Fwp%2Fv2%2Fcomments&post=1397"}],"version-history":[{"count":5,"href":"https:\/\/lag-vinodol.hr\/wp\/index.php?rest_route=\/wp\/v2\/posts\/1397\/revisions"}],"predecessor-version":[{"id":1403,"href":"https:\/\/lag-vinodol.hr\/wp\/index.php?rest_route=\/wp\/v2\/posts\/1397\/revisions\/1403"}],"wp:attachment":[{"href":"https:\/\/lag-vinodol.hr\/wp\/index.php?rest_route=%2Fwp%2Fv2%2Fmedia&parent=1397"}],"wp:term":[{"taxonomy":"category","embeddable":true,"href":"https:\/\/lag-vinodol.hr\/wp\/index.php?rest_route=%2Fwp%2Fv2%2Fcategories&post=1397"},{"taxonomy":"post_tag","embeddable":true,"href":"https:\/\/lag-vinodol.hr\/wp\/index.php?rest_route=%2Fwp%2Fv2%2Ftags&post=1397"}],"curies":[{"name":"wp","href":"https:\/\/api.w.org\/{rel}","templated":true}]}}