{"id":1114,"date":"2016-02-08T08:28:32","date_gmt":"2016-02-08T08:28:32","guid":{"rendered":"http:\/\/lag-vinodol.hr\/wp\/?p=1114"},"modified":"2016-02-08T08:29:03","modified_gmt":"2016-02-08T08:29:03","slug":"poziv-za-sudjelovanje-na-tecaju-poljoprivreda-okolis-i-klimatske-promjene","status":"publish","type":"post","link":"https:\/\/lag-vinodol.hr\/wp\/?p=1114","title":{"rendered":"POZIV ZA SUDJELOVANJE NA TE\u010cAJU POLJOPRIVREDA, OKOLI\u0160 I KLIMATSKE PROMJENE"},"content":{"rendered":"<p style=\"text-align: justify;\">Lokalna akcijska grupa &#8220;VINODOL&#8221; poziva sve zainteresirane da prisustvuju te\u010daju <strong>POLJOPRIVREDA, OKOLI\u0160 I KLIMATSKE PROMJENE &#8211; UVOD<\/strong> (u trajanju 6 \u0161kolskih sati) \u00a0koji organizira Savjetodavna slu\u017eba.<\/p>\n<p style=\"text-align: justify;\">U Program ruralnog razvoja 2014-2020 (PRR) uvr\u0161tene su tri IAKS mjere:<\/p>\n<ol style=\"text-align: justify;\">\n<li>mjera 10 Poljoprivreda, okoli\u0161 i klimatske promjene<\/li>\n<li>mjera 11 Ekolo\u0161ki uzgoj<\/li>\n<li>mjera 13 Pla\u0107anja podru\u010djima s prirodnim i ostalim posebnim ograni\u010denjima<\/li>\n<\/ol>\n<p style=\"text-align: justify;\"><strong><u>Izobrazba je obveza za sve korisnike M10 i M11.<\/u><\/strong><strong>Nositelj obiteljskog poljoprivrednog gospodarstva,<\/strong>odgovorna osoba ili voditelj proizvodnje na poljoprivrednom gospodarstvu obavezni su zavr\u0161iti izobrazbu u trajanju od 18 \u0161kolskih sati.<\/p>\n<p style=\"text-align: justify;\"><strong>Za\u0161to je izobrazba obvezna za M10 i M11?<\/strong><\/p>\n<p style=\"text-align: justify;\">M10 i M11 su vrlo zahtjevne mjere, pri \u010demu treba imati na umu da M10 do sada nismo provodili u RH. Kroz izobrazbu se stje\u010de znanje za kvalitetnu provedbu odabranih mjera. Shva\u0107anjem smisla svake obveze jasniji je cilj za provo\u0111enje pojedine mjere kao i krajnji u\u010dinak na okoli\u0161 u cjelini. Ste\u010deno znanje \u0107e istovremeno doprinijeti izbjegavanju situacija kada zbog kr\u0161enje obveza dolazi do smanjenja ili uskra\u0107ivanja potpore. Izobrazba je besplatna i provodi je Savjetodavna slu\u017eba.<\/p>\n<p style=\"text-align: justify;\">Te\u010daj \u0107e se odr\u017eati 25.2.2016.g., u trajanju od 09:00 do 15:00 sati u Gradskoj vije\u0107nici Grada Novi Vinodolski (2 kat), Trg Vinodolskog zakona 1, 51250 Novi Vinodolski.<\/p>\n<p style=\"text-align: justify;\">Predava\u010di :\u00a0Karmen Karli\u0107, \u017deljko Peran, \u017darko Mulc, Predrag Jane\u0161<\/p>\n<p>Link za prijavu na te\u010daj:<\/p>\n<p><a href=\"http:\/\/www.savjetodavna.hr\/prijava-polaznika\/tecaj\/828\/prijava\/obrazac\/\">http:\/\/www.savjetodavna.hr\/prijava-polaznika\/tecaj\/828\/prijava\/obrazac\/<\/a><\/p>\n<p><span style=\"color: #000000;\"><strong>Kontakti:<\/strong><\/span><\/p>\n<p style=\"text-align: justify;\"><span style=\"color: #000000;\"><strong>Predrag Jane\u0161, stru\u010d. spec. ing. agr. &#8211; stru\u010dni savjetnik<\/strong><\/span><br \/>\nNarodnog oslobo\u0111enja 2,\u00a051306 \u010cabar<\/p>\n<p style=\"text-align: justify;\">Tel\/fax: 051\/833-596<br \/>\nMob: 091\/4882-793<\/p>\n<p style=\"text-align: justify;\">\nE-mail: <a href=\"mailto:Predrag.Janes@savjetodavna.hr\">Predrag.Janes@savjetodavna.hr<\/a><\/p>\n<p style=\"text-align: justify;\"><span style=\"color: #000000;\"><b>\u017deljko Muc, dipl.ing.agr.<\/b><\/span><\/p>\n<p style=\"text-align: justify;\">rukovoditelj Podru\u017enice<br \/>\nTrg 138. brigade HV broj 4, 51300 Delnice<br \/>\nPrimorsko-goranska<\/p>\n<p style=\"text-align: justify;\">\nTel\/fax: 051\/813-186<br \/>\nMob: 091\/4882-791<\/p>\n<p style=\"text-align: justify;\">E-mail:\u00a0<a href=\"mailto:Zarko.Mulc@savjetodavna.hr\">Zarko.Mulc@savjetodavna.hr<\/a><\/p>\n<p style=\"text-align: justify;\"><strong>\u00a0<\/strong><\/p>\n<p style=\"text-align: justify;\"><span style=\"color: #000000;\"><strong>Karmen Karli\u0107, dipl. ing. agr.<\/strong><\/span><\/p>\n<p style=\"text-align: justify;\">vi\u0161a stru\u010dna savjetnica (za\u0161tita bilja)<br \/>\nRegionalna veletr\u017enica Rijeka-Matulji d.d., PP 55, 51211 Matulji<br \/>\nPrimorsko-goranska<\/p>\n<p style=\"text-align: justify;\">\nTel\/fax: 051\/274-569<br \/>\nMob: 091\/4882-790<\/p>\n<p style=\"text-align: justify;\">\nE-mail:\u00a0<a href=\"mailto:Karmen.Karlic@savjetodavna.hr\">Karmen.Karlic@savjetodavna.hr<\/a><\/p>\n","protected":false},"excerpt":{"rendered":"<p>Lokalna akcijska grupa &#8220;VINODOL&#8221; poziva sve zainteresirane da prisustvuju te\u010daju POLJOPRIVREDA, OKOLI\u0160 I KLIMATSKE PROMJENE &#8211; UVOD (u trajanju 6 \u0161kolskih sati) \u00a0koji organizira Savjetodavna slu\u017eba. U Program ruralnog razvoja 2014-2020 (PRR) uvr\u0161tene su tri IAKS mjere: mjera 10 Poljoprivreda, okoli\u0161 i klimatske promjene mjera 11 Ekolo\u0161ki uzgoj mjera 13 Pla\u0107anja podru\u010djima s prirodnim i [&hellip;]<\/p>\n","protected":false},"author":1,"featured_media":0,"comment_status":"closed","ping_status":"open","sticky":false,"template":"","format":"standard","meta":{"footnotes":"","_links_to":"","_links_to_target":""},"categories":[6],"tags":[],"class_list":["post-1114","post","type-post","status-publish","format-standard","hentry","category-novosti"],"_links":{"self":[{"href":"https:\/\/lag-vinodol.hr\/wp\/index.php?rest_route=\/wp\/v2\/posts\/1114","targetHints":{"allow":["GET"]}}],"collection":[{"href":"https:\/\/lag-vinodol.hr\/wp\/index.php?rest_route=\/wp\/v2\/posts"}],"about":[{"href":"https:\/\/lag-vinodol.hr\/wp\/index.php?rest_route=\/wp\/v2\/types\/post"}],"author":[{"embeddable":true,"href":"https:\/\/lag-vinodol.hr\/wp\/index.php?rest_route=\/wp\/v2\/users\/1"}],"replies":[{"embeddable":true,"href":"https:\/\/lag-vinodol.hr\/wp\/index.php?rest_route=%2Fwp%2Fv2%2Fcomments&post=1114"}],"version-history":[{"count":4,"href":"https:\/\/lag-vinodol.hr\/wp\/index.php?rest_route=\/wp\/v2\/posts\/1114\/revisions"}],"predecessor-version":[{"id":1118,"href":"https:\/\/lag-vinodol.hr\/wp\/index.php?rest_route=\/wp\/v2\/posts\/1114\/revisions\/1118"}],"wp:attachment":[{"href":"https:\/\/lag-vinodol.hr\/wp\/index.php?rest_route=%2Fwp%2Fv2%2Fmedia&parent=1114"}],"wp:term":[{"taxonomy":"category","embeddable":true,"href":"https:\/\/lag-vinodol.hr\/wp\/index.php?rest_route=%2Fwp%2Fv2%2Fcategories&post=1114"},{"taxonomy":"post_tag","embeddable":true,"href":"https:\/\/lag-vinodol.hr\/wp\/index.php?rest_route=%2Fwp%2Fv2%2Ftags&post=1114"}],"curies":[{"name":"wp","href":"https:\/\/api.w.org\/{rel}","templated":true}]}}