{"id":109,"date":"2013-12-18T07:32:19","date_gmt":"2013-12-18T07:32:19","guid":{"rendered":"http:\/\/lag-vinodol.hr\/wp\/?p=109"},"modified":"2015-08-02T14:08:13","modified_gmt":"2015-08-02T14:08:13","slug":"odrzana-1-sjednica-upravnog-odbora-lag-a-vinodol","status":"publish","type":"post","link":"https:\/\/lag-vinodol.hr\/wp\/?p=109","title":{"rendered":"ODR\u017dANA 1. SJEDNICA UPRAVNOG ODBORA LAG-A \u201eVINODOL\u201c"},"content":{"rendered":"<p><!--:hr--><\/p>\n<div>\n<p>U ponedjeljak, 11. velja\u010de 2013. godine u prostorijama info punkta Poduzetni\u010dkog centra &#8220;Vinodol&#8221; d.o.o. u\u00a0 Bribiru u 13.00 sati odr\u017eana je prva Sjednica Upravnog odbora Lokalne akcijske grupe \u201eVinodol\u201c.<\/p>\n<p>Sjednica je zapo\u010dela u 13,00 sati, a istoj su prisustvovali slijede\u0107i \u010dlanovi Upravnog odbora: predsjednik \u2013 Ivica Jer\u010dinovi\u0107, dopredsjednik \u2013 Igor Uremovi\u0107, \u010dlanovi \u2013 Ivica Crni\u0107, Jasminka Citkovi\u0107, Iva Vidas, Tatjana Pla\u0161\u0107, Luka Stoj\u010di\u0107, Zorica Kru\u017ei\u0107 i Iris Bruketa.<\/p>\n<p><!--more--><br \/>\nSjednici nisu prisustvovali (ispri\u010dali su se): Ma\u0161a Pi\u0161kuli\u0107, Dean Barac<\/p>\n<p>Ostali prisutni: Margareta Goi\u0107, Ivona Bla\u017eevi\u0107.<\/p>\n<p>Predsjednik LAG-a dao je kratku informaciju o registraciji LAG-a, navode\u0107i kao je LAG &#8220;Vinodol&#8221;\u00a0 upisan u Registar udruga RH 07.12.2013. kao i 17.12.2013. god upisan\u00a0 u Dr\u017eavnom zavodu za statistiku .<\/p>\n<p>Na sjednici se raspravljalo o Lokalnoj razvojnoj strategiji, klju\u010dnom elementu za prijavu na mjeru IPARD 202, \u010diji je koordinator izrade Poduzetni\u010dki centar \u201eVinodol\u201cd.o.o., o web stranici LAG-a \u201eVINODOL\u201c, o visini \u010dlanarine, edukacijama za \u010dlanove i studijskom posjetu.<\/p>\n<p>Ovim putem pozivamo sve zainteresirane predstavnike javnog, privatnog i civilnog sektora koji imaju sjedi\u0161te na podru\u010dju djelovanja LAG-a, da se u\u010dlane u LAG &#8220;VINODOL\u201c i doprinesu boljem razvoju regije. Va\u017eno je naglasiti da se u LAG mogu u\u010dlaniti: tvrtke, ustanove, obrti, sve udruge, OPG-i (obiteljska poljoprivredna gospodarstva), te ostale pravne osobe i fizi\u010dke osobe.<\/p>\n<\/div>\n<p><!--:--><\/p>\n","protected":false},"excerpt":{"rendered":"<p>U ponedjeljak, 11. velja\u010de 2013. godine u prostorijama info punkta Poduzetni\u010dkog centra &#8220;Vinodol&#8221; d.o.o. u\u00a0 Bribiru u 13.00 sati odr\u017eana je prva Sjednica Upravnog odbora Lokalne akcijske grupe \u201eVinodol\u201c. Sjednica je zapo\u010dela u 13,00 sati, a istoj su prisustvovali slijede\u0107i \u010dlanovi Upravnog odbora: predsjednik \u2013 Ivica Jer\u010dinovi\u0107, dopredsjednik \u2013 Igor Uremovi\u0107, \u010dlanovi \u2013 Ivica Crni\u0107, [&hellip;]<\/p>\n","protected":false},"author":1,"featured_media":0,"comment_status":"closed","ping_status":"open","sticky":false,"template":"","format":"standard","meta":{"footnotes":"","_links_to":"","_links_to_target":""},"categories":[6,1],"tags":[],"class_list":["post-109","post","type-post","status-publish","format-standard","hentry","category-novosti","category-uncategorized"],"_links":{"self":[{"href":"https:\/\/lag-vinodol.hr\/wp\/index.php?rest_route=\/wp\/v2\/posts\/109","targetHints":{"allow":["GET"]}}],"collection":[{"href":"https:\/\/lag-vinodol.hr\/wp\/index.php?rest_route=\/wp\/v2\/posts"}],"about":[{"href":"https:\/\/lag-vinodol.hr\/wp\/index.php?rest_route=\/wp\/v2\/types\/post"}],"author":[{"embeddable":true,"href":"https:\/\/lag-vinodol.hr\/wp\/index.php?rest_route=\/wp\/v2\/users\/1"}],"replies":[{"embeddable":true,"href":"https:\/\/lag-vinodol.hr\/wp\/index.php?rest_route=%2Fwp%2Fv2%2Fcomments&post=109"}],"version-history":[{"count":3,"href":"https:\/\/lag-vinodol.hr\/wp\/index.php?rest_route=\/wp\/v2\/posts\/109\/revisions"}],"predecessor-version":[{"id":542,"href":"https:\/\/lag-vinodol.hr\/wp\/index.php?rest_route=\/wp\/v2\/posts\/109\/revisions\/542"}],"wp:attachment":[{"href":"https:\/\/lag-vinodol.hr\/wp\/index.php?rest_route=%2Fwp%2Fv2%2Fmedia&parent=109"}],"wp:term":[{"taxonomy":"category","embeddable":true,"href":"https:\/\/lag-vinodol.hr\/wp\/index.php?rest_route=%2Fwp%2Fv2%2Fcategories&post=109"},{"taxonomy":"post_tag","embeddable":true,"href":"https:\/\/lag-vinodol.hr\/wp\/index.php?rest_route=%2Fwp%2Fv2%2Ftags&post=109"}],"curies":[{"name":"wp","href":"https:\/\/api.w.org\/{rel}","templated":true}]}}