{"id":107,"date":"2013-12-18T07:29:59","date_gmt":"2013-12-18T07:29:59","guid":{"rendered":"http:\/\/lag-vinodol.hr\/wp\/?p=107"},"modified":"2015-08-02T14:08:13","modified_gmt":"2015-08-02T14:08:13","slug":"lag-vinodol-zapoceo-s-radom","status":"publish","type":"post","link":"https:\/\/lag-vinodol.hr\/wp\/?p=107","title":{"rendered":"LAG \u201eVINODOL\u201c ZAPO\u010cEO S RADOM"},"content":{"rendered":"<p><!--:hr-->Na inicijativu Poduzetni\u010dkog centra &#8220;VINODOL&#8221; d.o.o., 19. listopada 2012. godine u Bribiru u prostorijama Narodne \u010ditaonice i knji\u017enice, odr\u017eana je Osniva\u010dka skup\u0161tina LOKALNE AKCIJSKE GRUPE \u201eVINODOL&#8221;.<\/p>\n<p>Podru\u010dje LAG-a obuhva\u0107a tri jedinice lokalne samouprave: Grad Novi Vinodolski, Grad Crikvenicu te Op\u0107inu Vinodolsku. Osniva\u010dku skup\u0161tinu sa\u010dinjavaju 50 \u010dlanova koji su ujedno i osniva\u010di Lokalne akcijske grupe &#8220;Vinodol&#8221;<\/p>\n<p>Na Skup\u0161tini je donesen Statut udruge te je za predsjednika udruge jednoglasno izabran gospodin Ivica Jer\u010dinovi\u0107- direktor Poduzetni\u010dkog centra &#8220;Vinodol&#8221;d.o.o., za dopredsjednika gospodin Igor Uremovi\u0107 direktor KTD &#8220;Vodovod- \u017drnovnica&#8221;.<\/p>\n<p>Izabrani su i \u010dlanovi Upravnog i Nadzornog odbora.<\/p>\n<p>Odr\u017eavanjem Skup\u0161tine stvoreni su svi preduvjeti za upis udruge u Registar udruga RH, a zapo\u010deti \u0107e se i aktivnosti na izradi Lokalne razvojne strategije LAG-a \u201eVINODOL&#8221;, a sve s ciljem prijave LAG-a \u201eVINODOL&#8221; na Mjeru 202 IPARD programa \u201ePriprema i provedba lokalnih strategija ruralnog razvoja&#8221;.<!--:--><\/p>\n","protected":false},"excerpt":{"rendered":"<p>Na inicijativu Poduzetni\u010dkog centra &#8220;VINODOL&#8221; d.o.o., 19. listopada 2012. godine u Bribiru u prostorijama Narodne \u010ditaonice i knji\u017enice, odr\u017eana je Osniva\u010dka skup\u0161tina LOKALNE AKCIJSKE GRUPE \u201eVINODOL&#8221;. Podru\u010dje LAG-a obuhva\u0107a tri jedinice lokalne samouprave: Grad Novi Vinodolski, Grad Crikvenicu te Op\u0107inu Vinodolsku. Osniva\u010dku skup\u0161tinu sa\u010dinjavaju 50 \u010dlanova koji su ujedno i osniva\u010di Lokalne akcijske grupe &#8220;Vinodol&#8221; [&hellip;]<\/p>\n","protected":false},"author":1,"featured_media":531,"comment_status":"closed","ping_status":"open","sticky":false,"template":"","format":"standard","meta":{"footnotes":"","_links_to":"","_links_to_target":""},"categories":[6,1],"tags":[],"class_list":["post-107","post","type-post","status-publish","format-standard","has-post-thumbnail","hentry","category-novosti","category-uncategorized"],"_links":{"self":[{"href":"https:\/\/lag-vinodol.hr\/wp\/index.php?rest_route=\/wp\/v2\/posts\/107","targetHints":{"allow":["GET"]}}],"collection":[{"href":"https:\/\/lag-vinodol.hr\/wp\/index.php?rest_route=\/wp\/v2\/posts"}],"about":[{"href":"https:\/\/lag-vinodol.hr\/wp\/index.php?rest_route=\/wp\/v2\/types\/post"}],"author":[{"embeddable":true,"href":"https:\/\/lag-vinodol.hr\/wp\/index.php?rest_route=\/wp\/v2\/users\/1"}],"replies":[{"embeddable":true,"href":"https:\/\/lag-vinodol.hr\/wp\/index.php?rest_route=%2Fwp%2Fv2%2Fcomments&post=107"}],"version-history":[{"count":3,"href":"https:\/\/lag-vinodol.hr\/wp\/index.php?rest_route=\/wp\/v2\/posts\/107\/revisions"}],"predecessor-version":[{"id":540,"href":"https:\/\/lag-vinodol.hr\/wp\/index.php?rest_route=\/wp\/v2\/posts\/107\/revisions\/540"}],"wp:featuredmedia":[{"embeddable":true,"href":"https:\/\/lag-vinodol.hr\/wp\/index.php?rest_route=\/wp\/v2\/media\/531"}],"wp:attachment":[{"href":"https:\/\/lag-vinodol.hr\/wp\/index.php?rest_route=%2Fwp%2Fv2%2Fmedia&parent=107"}],"wp:term":[{"taxonomy":"category","embeddable":true,"href":"https:\/\/lag-vinodol.hr\/wp\/index.php?rest_route=%2Fwp%2Fv2%2Fcategories&post=107"},{"taxonomy":"post_tag","embeddable":true,"href":"https:\/\/lag-vinodol.hr\/wp\/index.php?rest_route=%2Fwp%2Fv2%2Ftags&post=107"}],"curies":[{"name":"wp","href":"https:\/\/api.w.org\/{rel}","templated":true}]}}