{"id":645,"date":"2014-11-28T12:34:59","date_gmt":"2014-11-28T12:34:59","guid":{"rendered":"http:\/\/lag-vinodol.hr\/wp\/?p=645"},"modified":"2015-08-02T14:07:26","modified_gmt":"2015-08-02T14:07:26","slug":"advent-u-crikvenici-2014","status":"publish","type":"post","link":"http:\/\/lag-vinodol.hr\/wp\/?p=645","title":{"rendered":"ADVENT U CRIKVENICI 2014"},"content":{"rendered":"<p style=\"text-align: justify\"><a href=\"http:\/\/lag-vinodol.hr\/wp\/wp-content\/uploads\/2014\/11\/advent-plakat_final.jpg\"><img loading=\"lazy\" decoding=\"async\" class=\"alignleft wp-image-646 size-medium\" src=\"http:\/\/lag-vinodol.hr\/wp\/wp-content\/uploads\/2014\/11\/advent-plakat_final-214x300.jpg\" alt=\"advent-plakat_final\" width=\"214\" height=\"300\" srcset=\"http:\/\/lag-vinodol.hr\/wp\/wp-content\/uploads\/2014\/11\/advent-plakat_final-214x300.jpg 214w, http:\/\/lag-vinodol.hr\/wp\/wp-content\/uploads\/2014\/11\/advent-plakat_final.jpg 571w\" sizes=\"auto, (max-width: 214px) 100vw, 214px\" \/><\/a>Bli\u017ei se mnogima od nas omiljeno razdoblje u godini. Vrijeme opu\u0161tanja i dru\u017eenja s najdra\u017eima, dani ispunjeni toplim predblagdanskim ozra\u010djem, smijehom i ukusnim zalogajima. Ove \u0107e se godine na crikveni\u010dkoj rivijeri odvijati prava adventska \u010darolija.<br \/>\nBogati program u sklopu manifestacije &#8220;Advent u Crikvenici 2014.&#8221; trajat \u0107e od 29. studenoga pa sve do 30. prosinca 2014. Park u centru Crikvenice \u0107e zasjati posebnim sjajem i postati najdra\u017ee mjesto velikih i malih posjetitelja \u017eeljnih zabave, ugodnog dru\u0161tva i posebnog do\u017eivljaja bo\u017ei\u0107noga duha. Bit \u0107e tu za svakoga pone\u0161to, od prigodnog sajma autohtonih proizvoda, na kojemu \u0107e se mo\u0107i kupiti originalni pokloni i ku\u0161ati doma\u0107i proizvodi, zatim kreativnih radionica, pri\u010daonica i predstava za djecu, blagdanskih gastro poslastica, sajma vina, lova na poklone sv. Nikole pa do puno pjesme i plesa i veselog vlaki\u0107a Djeda Bo\u017ei\u0107njaka.<br \/>\nAdventska \u0107e \u010darolija zapo\u010deti u subotu, 29. studenoga, kada \u0107e se u jutarnjim satima u Gradskoj galeriji u Crikvenici izra\u0111ivati bo\u017ei\u0107ne \u010destitke s motivom ma\u010dke, a poslijepodne \u0107e Adventski park osvijetliti bo\u017ei\u0107na iluminacija i na\u0161i \u0107e najmla\u0111i mo\u0107i poslu\u0161ati dje\u010dje pri\u010de iz davnine. Slatki mirisi tradicionalnih frita o\u010dekuju nas na Fritoboju ve\u0107 sljede\u0107ega dana, a pripremat \u0107e ih marljivi \u010dlanovi udruga i klubova s podru\u010dja Rivijere Crikvenica. Upoznat \u0107emo i crikveni\u010dku legendu o sv. Barbari, ukletoj djevojci &#8211; zmiji i Vilinoj stijeni, a djeca \u0107e imati i jedinstvenu priliku da ovjekovje\u010de svoj nezaboravan trenutak s Djedom Bo\u017ei\u0107njakom i \u0161apnu mu sve svoje \u017eelje. Sve do samoga Badnjaka, 24. prosinca, svakoga \u0107e tjedna na\u0161 topli doma\u0107in biti Adventski park, gdje \u0107emo se zajedno veseliti, plesati i pjevati uz neizostavno kuhano vino ili \u010daj te ku\u0161ati ukusne kobasice i bo\u017ei\u0107ne delicije. No, naravno da to nije sve. Poseban do\u017eivljaj pru\u017eit \u0107e originalan Do\u010dek Stare godine 30. prosinca, ne\u0161to uistinu nesvakida\u0161nje i druga\u010dije. Program ovoga zanimljivoga do\u010deka zapo\u010det \u0107e u 17 sati u crikveni\u010dkome Adventskome parku, uz veselu glazbu &#8220;Belfast fooda&#8221; te zajedni\u010dko paljenje i pu\u0161tanje lete\u0107ih lampiona s Vele palade. Bit \u0107e to prizor za pam\u0107enje, tisu\u0107e lampiona \u0107e se otisnuti u zrak, a s njima i skrivene \u017eelje za godinu koja je pred nama.<\/p>\n<p style=\"text-align: justify\">Do\u017eivite najljep\u0161i Advent u Crikvenici! Dopustite da vas preplavi blagdanska \u010darolija, u\u017eivajte u Adventskome parku uz pjesmu, ples i bo\u017ei\u0107ne delicije!<\/p>\n","protected":false},"excerpt":{"rendered":"<p>Bli\u017ei se mnogima od nas omiljeno razdoblje u godini. Vrijeme opu\u0161tanja i dru\u017eenja s najdra\u017eima, dani ispunjeni toplim predblagdanskim ozra\u010djem, smijehom i ukusnim zalogajima. Ove \u0107e se godine na crikveni\u010dkoj rivijeri odvijati prava adventska \u010darolija. Bogati program u sklopu manifestacije &#8220;Advent u Crikvenici 2014.&#8221; trajat \u0107e od 29. studenoga pa sve do 30. prosinca 2014. [&hellip;]<\/p>\n","protected":false},"author":2,"featured_media":0,"comment_status":"closed","ping_status":"open","sticky":false,"template":"","format":"standard","meta":{"footnotes":"","_links_to":"","_links_to_target":""},"categories":[6,1],"tags":[],"class_list":["post-645","post","type-post","status-publish","format-standard","hentry","category-novosti","category-uncategorized"],"_links":{"self":[{"href":"http:\/\/lag-vinodol.hr\/wp\/index.php?rest_route=\/wp\/v2\/posts\/645","targetHints":{"allow":["GET"]}}],"collection":[{"href":"http:\/\/lag-vinodol.hr\/wp\/index.php?rest_route=\/wp\/v2\/posts"}],"about":[{"href":"http:\/\/lag-vinodol.hr\/wp\/index.php?rest_route=\/wp\/v2\/types\/post"}],"author":[{"embeddable":true,"href":"http:\/\/lag-vinodol.hr\/wp\/index.php?rest_route=\/wp\/v2\/users\/2"}],"replies":[{"embeddable":true,"href":"http:\/\/lag-vinodol.hr\/wp\/index.php?rest_route=%2Fwp%2Fv2%2Fcomments&post=645"}],"version-history":[{"count":2,"href":"http:\/\/lag-vinodol.hr\/wp\/index.php?rest_route=\/wp\/v2\/posts\/645\/revisions"}],"predecessor-version":[{"id":648,"href":"http:\/\/lag-vinodol.hr\/wp\/index.php?rest_route=\/wp\/v2\/posts\/645\/revisions\/648"}],"wp:attachment":[{"href":"http:\/\/lag-vinodol.hr\/wp\/index.php?rest_route=%2Fwp%2Fv2%2Fmedia&parent=645"}],"wp:term":[{"taxonomy":"category","embeddable":true,"href":"http:\/\/lag-vinodol.hr\/wp\/index.php?rest_route=%2Fwp%2Fv2%2Fcategories&post=645"},{"taxonomy":"post_tag","embeddable":true,"href":"http:\/\/lag-vinodol.hr\/wp\/index.php?rest_route=%2Fwp%2Fv2%2Ftags&post=645"}],"curies":[{"name":"wp","href":"https:\/\/api.w.org\/{rel}","templated":true}]}}