{"id":574,"date":"2014-07-23T07:48:56","date_gmt":"2014-07-23T07:48:56","guid":{"rendered":"http:\/\/lag-vinodol.hr\/wp\/?p=574"},"modified":"2015-08-02T14:07:43","modified_gmt":"2015-08-02T14:07:43","slug":"etno-festival-sr-etno-selce-selce-12-13-07-2014-g","status":"publish","type":"post","link":"http:\/\/lag-vinodol.hr\/wp\/?p=574","title":{"rendered":"ETNO FESTIVAL (SR) ETNO SELCE, SELCE, 12.-13.07.2014.g."},"content":{"rendered":"<p style=\"text-align: justify\"><a href=\"http:\/\/lag-vinodol.hr\/wp\/wp-content\/uploads\/2014\/07\/20140712_202013.jpg\"><img loading=\"lazy\" decoding=\"async\" class=\"alignleft wp-image-575 size-medium\" src=\"http:\/\/lag-vinodol.hr\/wp\/wp-content\/uploads\/2014\/07\/20140712_202013-300x225.jpg\" alt=\"20140712_202013\" width=\"300\" height=\"225\" srcset=\"http:\/\/lag-vinodol.hr\/wp\/wp-content\/uploads\/2014\/07\/20140712_202013-300x225.jpg 300w, http:\/\/lag-vinodol.hr\/wp\/wp-content\/uploads\/2014\/07\/20140712_202013-1024x768.jpg 1024w\" sizes=\"auto, (max-width: 300px) 100vw, 300px\" \/><\/a>Za vikend 12. i 13. srpnja 2014. godine se na \u010detiri lokacije u Selcu (riva, Pola\u010da, Harmica i Tunar) odr\u017eao etno festival (Sr)etno Selce.<br \/>\nPri\u010da o tradiciji preto\u010dila se u prezentaciju narodnih obi\u010daja, \u017eivotopisnih no\u0161nji, raznovrsnih umjetni\u010dkih izri\u010daja i doma\u0107ih izvornih proizvoda.<br \/>\nNa \u010detiri lokacije u Selcu odr\u017ean je sajam tradicijskih i ekolo\u0161kih proizvoda, prezentacija pripreme autohtonih jela, prezentacije narodnih no\u0161nji i starih narodnih obi\u010daja, poput pranja rublja na tradicionalan na\u010din ili mla\u0107enja slame, jedinstvenog obi\u010daja na ovim prostorima, kao i izvedbe tradicionalnih primorskih i dr. pjesama i plesova.<br \/>\nTako\u0111er se moglo u\u017eivati u degustaciji autohtonih jela s podru\u010dja Rivijere Crikvenica, poput brodeta od lignji, pr\u017eenih sardelica, tune u umaku, buzare od dagnji i ribe na ro\u0161tilju.<br \/>\nLAG \u201eVINODOL\u201c je na etno festvalu bio prisutan na izlo\u017ebenom prostoru (\u0161tandu), gdje su svi zainteresirani mogli dobiti potrebne informacije o LAG-u \u201eVINODOL\u201c, njegovoj ulozi, LEADER PRISTUPU, te o mogu\u0107nostima javljanja na natje\u010daje iz EU FONDOVA koji nam stoje na raspolaganju u programskom razdoblju 2014.-2020.godine.<br \/>\nNa izlo\u017ebenom prostoru LAG-a \u201eVINODOL\u201c nazo\u010dni su bili: Silvana Manestar \u2013 voditeljica LAG-a, Marija Stan \u2013 stru\u010dni suradnik i Marjan Bari\u010devi\u0107 \u2013 stru\u010dni suradnik.<\/p>\n","protected":false},"excerpt":{"rendered":"<p>Za vikend 12. i 13. srpnja 2014. godine se na \u010detiri lokacije u Selcu (riva, Pola\u010da, Harmica i Tunar) odr\u017eao etno festival (Sr)etno Selce. Pri\u010da o tradiciji preto\u010dila se u prezentaciju narodnih obi\u010daja, \u017eivotopisnih no\u0161nji, raznovrsnih umjetni\u010dkih izri\u010daja i doma\u0107ih izvornih proizvoda. Na \u010detiri lokacije u Selcu odr\u017ean je sajam tradicijskih i ekolo\u0161kih proizvoda, prezentacija [&hellip;]<\/p>\n","protected":false},"author":2,"featured_media":0,"comment_status":"closed","ping_status":"open","sticky":false,"template":"","format":"standard","meta":{"footnotes":"","_links_to":"","_links_to_target":""},"categories":[6,1],"tags":[],"class_list":["post-574","post","type-post","status-publish","format-standard","hentry","category-novosti","category-uncategorized"],"_links":{"self":[{"href":"http:\/\/lag-vinodol.hr\/wp\/index.php?rest_route=\/wp\/v2\/posts\/574","targetHints":{"allow":["GET"]}}],"collection":[{"href":"http:\/\/lag-vinodol.hr\/wp\/index.php?rest_route=\/wp\/v2\/posts"}],"about":[{"href":"http:\/\/lag-vinodol.hr\/wp\/index.php?rest_route=\/wp\/v2\/types\/post"}],"author":[{"embeddable":true,"href":"http:\/\/lag-vinodol.hr\/wp\/index.php?rest_route=\/wp\/v2\/users\/2"}],"replies":[{"embeddable":true,"href":"http:\/\/lag-vinodol.hr\/wp\/index.php?rest_route=%2Fwp%2Fv2%2Fcomments&post=574"}],"version-history":[{"count":1,"href":"http:\/\/lag-vinodol.hr\/wp\/index.php?rest_route=\/wp\/v2\/posts\/574\/revisions"}],"predecessor-version":[{"id":576,"href":"http:\/\/lag-vinodol.hr\/wp\/index.php?rest_route=\/wp\/v2\/posts\/574\/revisions\/576"}],"wp:attachment":[{"href":"http:\/\/lag-vinodol.hr\/wp\/index.php?rest_route=%2Fwp%2Fv2%2Fmedia&parent=574"}],"wp:term":[{"taxonomy":"category","embeddable":true,"href":"http:\/\/lag-vinodol.hr\/wp\/index.php?rest_route=%2Fwp%2Fv2%2Fcategories&post=574"},{"taxonomy":"post_tag","embeddable":true,"href":"http:\/\/lag-vinodol.hr\/wp\/index.php?rest_route=%2Fwp%2Fv2%2Ftags&post=574"}],"curies":[{"name":"wp","href":"https:\/\/api.w.org\/{rel}","templated":true}]}}