{"id":483,"date":"2014-05-14T11:40:06","date_gmt":"2014-05-14T11:40:06","guid":{"rendered":"http:\/\/lag-vinodol.hr\/wp\/?p=483"},"modified":"2015-08-02T14:07:43","modified_gmt":"2015-08-02T14:07:43","slug":"zamjena-azbestnih-krovova-i-fasada-u-crikvenici-novom-vinodolskom-i-vinodolu","status":"publish","type":"post","link":"http:\/\/lag-vinodol.hr\/wp\/?p=483","title":{"rendered":"ZAMJENA AZBESTNIH KROVOVA I FASADA U CRIKVENICI, NOVOM VINODOLSKOM I VINODOLU!"},"content":{"rendered":"<p style=\"text-align: justify\"><a href=\"http:\/\/lag-vinodol.hr\/wp\/wp-content\/uploads\/2014\/05\/azbest-slika.jpg\"><img loading=\"lazy\" decoding=\"async\" class=\"alignleft wp-image-567 size-medium\" src=\"http:\/\/lag-vinodol.hr\/wp\/wp-content\/uploads\/2014\/05\/azbest-slika-300x211.jpg\" alt=\"azbest slika\" width=\"300\" height=\"211\" srcset=\"http:\/\/lag-vinodol.hr\/wp\/wp-content\/uploads\/2014\/05\/azbest-slika-300x211.jpg 300w, http:\/\/lag-vinodol.hr\/wp\/wp-content\/uploads\/2014\/05\/azbest-slika.jpg 800w\" sizes=\"auto, (max-width: 300px) 100vw, 300px\" \/><\/a>LAG \u201eVINODOL\u201c i Udruga \u201eMoj otok\u201c u suradnji sa gradovima Crikvenicom, Novim Vinodolskim i Op\u0107inom Vinodolskom krenuli su u uklanjanje azbesta iz \u017eivotne okoline \u0161to se nadovezuje na trenutne akcije energetske u\u010dinkovitosti koje provodi Fond za za\u0161titu okoli\u0161a i energetsku u\u010dinkovitost. Pozivamo Vas da se odazovete akciji pod nazivom <strong>\u201eMoj Vinodol bez azbesta\u201c<\/strong> koja \u0107e se odr\u017eati 22. svibnja 2014. godine u Domu kulture u Novom Vinodolskom, Korzo hrvatskih branitelja 2, u 18:00 sati.<\/p>\n","protected":false},"excerpt":{"rendered":"<p>LAG \u201eVINODOL\u201c i Udruga \u201eMoj otok\u201c u suradnji sa gradovima Crikvenicom, Novim Vinodolskim i Op\u0107inom Vinodolskom krenuli su u uklanjanje azbesta iz \u017eivotne okoline \u0161to se nadovezuje na trenutne akcije energetske u\u010dinkovitosti koje provodi Fond za za\u0161titu okoli\u0161a i energetsku u\u010dinkovitost. Pozivamo Vas da se odazovete akciji pod nazivom \u201eMoj Vinodol bez azbesta\u201c koja \u0107e [&hellip;]<\/p>\n","protected":false},"author":2,"featured_media":0,"comment_status":"closed","ping_status":"open","sticky":false,"template":"","format":"standard","meta":{"footnotes":"","_links_to":"","_links_to_target":""},"categories":[6,1],"tags":[],"class_list":["post-483","post","type-post","status-publish","format-standard","hentry","category-novosti","category-uncategorized"],"_links":{"self":[{"href":"http:\/\/lag-vinodol.hr\/wp\/index.php?rest_route=\/wp\/v2\/posts\/483","targetHints":{"allow":["GET"]}}],"collection":[{"href":"http:\/\/lag-vinodol.hr\/wp\/index.php?rest_route=\/wp\/v2\/posts"}],"about":[{"href":"http:\/\/lag-vinodol.hr\/wp\/index.php?rest_route=\/wp\/v2\/types\/post"}],"author":[{"embeddable":true,"href":"http:\/\/lag-vinodol.hr\/wp\/index.php?rest_route=\/wp\/v2\/users\/2"}],"replies":[{"embeddable":true,"href":"http:\/\/lag-vinodol.hr\/wp\/index.php?rest_route=%2Fwp%2Fv2%2Fcomments&post=483"}],"version-history":[{"count":7,"href":"http:\/\/lag-vinodol.hr\/wp\/index.php?rest_route=\/wp\/v2\/posts\/483\/revisions"}],"predecessor-version":[{"id":569,"href":"http:\/\/lag-vinodol.hr\/wp\/index.php?rest_route=\/wp\/v2\/posts\/483\/revisions\/569"}],"wp:attachment":[{"href":"http:\/\/lag-vinodol.hr\/wp\/index.php?rest_route=%2Fwp%2Fv2%2Fmedia&parent=483"}],"wp:term":[{"taxonomy":"category","embeddable":true,"href":"http:\/\/lag-vinodol.hr\/wp\/index.php?rest_route=%2Fwp%2Fv2%2Fcategories&post=483"},{"taxonomy":"post_tag","embeddable":true,"href":"http:\/\/lag-vinodol.hr\/wp\/index.php?rest_route=%2Fwp%2Fv2%2Ftags&post=483"}],"curies":[{"name":"wp","href":"https:\/\/api.w.org\/{rel}","templated":true}]}}