{"id":2646,"date":"2023-02-06T07:48:18","date_gmt":"2023-02-06T07:48:18","guid":{"rendered":"https:\/\/lag-vinodol.hr\/wp\/?p=2646"},"modified":"2023-03-21T09:40:50","modified_gmt":"2023-03-21T09:40:50","slug":"edukacijom-do-uspjeha","status":"publish","type":"post","link":"http:\/\/lag-vinodol.hr\/wp\/?p=2646","title":{"rendered":"EDUKACIJOM DO USPJEHA"},"content":{"rendered":"\n<p>Grad Crikvenica nastavlja svoju dugogodi\u0161nju uspje\u0161nicu Edukacijom do uspjeha, projekt koji provodi od 2014. godine. Nakon dvogodi\u0161njega on-line-formata iznimno veseli \u0161to \u0107e se predavanja i \u010ditava interakcija odvijati u\u017eivo.<\/p>\n\n\n\n<p>Podsje\u0107amo, po\u010dev\u0161i od 8. velja\u010de, svake srijede od 18:00 do 20:00 sati u Gradskoj vije\u0107nici Grada Crikvenice u narednim tjednima na rasporedu \u0107e biti \u010dak \u0161est edukativnih <a><\/a>tema. Jedna od osobitosti trotjednoga programa, koji je pred vama, jest da su svi edukacijski moduli u potpunosti besplatni.<\/p>\n\n\n\n<p>Ovom prilikom Grad Crikvenica poziva vas da se odazovete na projekt Edukacijom do uspjeha. Time \u0107ete se aktivno uklju\u010diti u izravan razgovor s iskusnim predava\u010dima te dobiti odgovore na mnoga pitanja koja nemate kome postaviti. Aktivnim planiranjem otvarate put do vlastita uspjeha i istodobno postajete dijelom poduzetnika koji su zainteresirani za poduzetni\u010dku klimu u neposrednome, lokalnome okru\u017eenju svojega kraja.<\/p>\n\n\n\n<p>Vi\u0161e detalja potra\u017eite na:<\/p>\n\n\n\n<p><a href=\"https:\/\/www.crikvenica.hr\/projekt-edukacijom-do-uspjeha-zapocinje-8-veljace\/?fbclid=IwAR1p_MQGQvbCYl60jSCOI4qQtJaA5jZTHLLqBcwdY0iHI-19Fdxk4eqRJiA\">https:\/\/www.crikvenica.hr\/projekt-edukacijom-do-uspjeha-zapocinje-8-veljace\/?fbclid=IwAR1p_MQGQvbCYl60jSCOI4qQtJaA5jZTHLLqBcwdY0iHI-19Fdxk4eqRJiA<\/a><\/p>\n\n\n\n<p><\/p>\n","protected":false},"excerpt":{"rendered":"<p>Grad Crikvenica nastavlja svoju dugogodi\u0161nju uspje\u0161nicu Edukacijom do uspjeha, projekt koji provodi od 2014. godine. Nakon dvogodi\u0161njega on-line-formata iznimno veseli \u0161to \u0107e se predavanja i \u010ditava interakcija odvijati u\u017eivo. Podsje\u0107amo, po\u010dev\u0161i od 8. velja\u010de, svake srijede od 18:00 do 20:00 sati u Gradskoj vije\u0107nici Grada Crikvenice u narednim tjednima na rasporedu \u0107e biti \u010dak \u0161est [&hellip;]<\/p>\n","protected":false},"author":1,"featured_media":2647,"comment_status":"closed","ping_status":"closed","sticky":false,"template":"","format":"standard","meta":{"footnotes":"","_links_to":"","_links_to_target":""},"categories":[6],"tags":[],"class_list":["post-2646","post","type-post","status-publish","format-standard","has-post-thumbnail","hentry","category-novosti"],"_links":{"self":[{"href":"http:\/\/lag-vinodol.hr\/wp\/index.php?rest_route=\/wp\/v2\/posts\/2646","targetHints":{"allow":["GET"]}}],"collection":[{"href":"http:\/\/lag-vinodol.hr\/wp\/index.php?rest_route=\/wp\/v2\/posts"}],"about":[{"href":"http:\/\/lag-vinodol.hr\/wp\/index.php?rest_route=\/wp\/v2\/types\/post"}],"author":[{"embeddable":true,"href":"http:\/\/lag-vinodol.hr\/wp\/index.php?rest_route=\/wp\/v2\/users\/1"}],"replies":[{"embeddable":true,"href":"http:\/\/lag-vinodol.hr\/wp\/index.php?rest_route=%2Fwp%2Fv2%2Fcomments&post=2646"}],"version-history":[{"count":2,"href":"http:\/\/lag-vinodol.hr\/wp\/index.php?rest_route=\/wp\/v2\/posts\/2646\/revisions"}],"predecessor-version":[{"id":2650,"href":"http:\/\/lag-vinodol.hr\/wp\/index.php?rest_route=\/wp\/v2\/posts\/2646\/revisions\/2650"}],"wp:featuredmedia":[{"embeddable":true,"href":"http:\/\/lag-vinodol.hr\/wp\/index.php?rest_route=\/wp\/v2\/media\/2647"}],"wp:attachment":[{"href":"http:\/\/lag-vinodol.hr\/wp\/index.php?rest_route=%2Fwp%2Fv2%2Fmedia&parent=2646"}],"wp:term":[{"taxonomy":"category","embeddable":true,"href":"http:\/\/lag-vinodol.hr\/wp\/index.php?rest_route=%2Fwp%2Fv2%2Fcategories&post=2646"},{"taxonomy":"post_tag","embeddable":true,"href":"http:\/\/lag-vinodol.hr\/wp\/index.php?rest_route=%2Fwp%2Fv2%2Ftags&post=2646"}],"curies":[{"name":"wp","href":"https:\/\/api.w.org\/{rel}","templated":true}]}}